{"id":4511,"date":"2021-05-05T13:48:28","date_gmt":"2021-05-05T11:48:28","guid":{"rendered":"https:\/\/www.evertop.pl\/?p=4511"},"modified":"2021-07-02T13:54:01","modified_gmt":"2021-07-02T11:54:01","slug":"the-path-of-career-development-in-the-it-industry-from-the-programmer-to-the-ceo","status":"publish","type":"post","link":"https:\/\/www.evertop.pl\/en\/the-path-of-career-development-in-the-it-industry-from-the-programmer-to-the-ceo\/","title":{"rendered":"The Path Of Career Development In The IT Industry &#8211; From The Programmer To The CEO"},"content":{"rendered":"<p><span style=\"font-weight: 400;\">The following article is unique to me because I need to describe my own experiences and conclusions drawn from them. By reviewing my professional life, I also make a summary of what has happened in it so far. This is even more interesting and difficult too because I recently turned 40 and I realize more and more that I will not be younger ;-).<\/span><\/p>\n<h2>Youthful dreams<\/h2>\n<p><span style=\"font-weight: 400;\">Starting this story, I will not go back to kindergarten or talk about my first computer. I will only mention that, before I started working, I studied Computer Science at the Silesian University of Technology in Gliwice. Being in the second or third year of studies (so I was twenty or twenty one), I was convinced that I would start my own company right after graduation. I will make a lot of money and I will retire at the age of 30, focusing on enjoying life.<\/span><\/p>\n<p><img loading=\"lazy\" class=\"alignnone size-large wp-image-4501\" src=\"https:\/\/www.evertop.pl\/wp-content\/uploads\/2021\/05\/sciezka-rozwoju-w-it-39-1-1024x657.jpg\" alt=\"\" width=\"640\" height=\"411\" srcset=\"https:\/\/www.evertop.pl\/wp-content\/uploads\/2021\/05\/sciezka-rozwoju-w-it-39-1-1024x657.jpg 1024w, https:\/\/www.evertop.pl\/wp-content\/uploads\/2021\/05\/sciezka-rozwoju-w-it-39-1-300x193.jpg 300w, https:\/\/www.evertop.pl\/wp-content\/uploads\/2021\/05\/sciezka-rozwoju-w-it-39-1-768x493.jpg 768w, https:\/\/www.evertop.pl\/wp-content\/uploads\/2021\/05\/sciezka-rozwoju-w-it-39-1.jpg 1282w\" sizes=\"(max-width: 640px) 100vw, 640px\" \/><\/p>\n<p><span style=\"font-weight: 400;\">As you can probably guess, this plan didn&#8217;t work out. When I think about it now, two things strike me. First of all, my naivety that I can earn big money so quickly, without any reasonable idea how to do it. Second, I treated thirty-year-olds as old people who may already be retiring.\u00a0<\/span><\/p>\n<h2>My first job<\/h2>\n<p><span style=\"font-weight: 400;\">Nevertheless, my career turned out differently. In the fifth year of my studies, I started looking for a job and found it in the Katowice-based Esaprojekt company. It was a small company with several business lines. One of them was the creation of dedicated software on the client&#8217;s request. Nobody called it that back then, but you can say that it was a software development company at the time.\u00a0<\/span><\/p>\n<p><span style=\"font-weight: 400;\">This is where I took my first steps as a programmer, made my first bugs and participated in the first implementations. While working in this position, I quickly realized that apart from technical skills, the so-called soft skills were very useful to me. First of all, communication, as well as the ability to ask questions. There is no way to write any IT solution without discussing it with the client and asking for details.<\/span><\/p>\n<p><span style=\"font-weight: 400;\">My career path quickly turned towards an analyst and designer rather than a strictly programmer. And after a few years, I became a project manager.\u00a0<\/span><\/p>\n<p><span style=\"font-weight: 400;\">I liked this role very much. It allowed me to look at what I have been doing so far from a slightly different perspective &#8211; more from a business point of view. It turned out that the project is a success not only when the client is satisfied, but also when my company\u00a0 managed to earn money on it. Then I discovered that each project is a separate business venture. It has its own budget, resources, timeframe, contract that regulates many elements, that after completing the programming work, you still need to maintain applications, etc. <\/span><\/p>\n<p><span style=\"font-weight: 400;\">Of course, running IT projects is not easy. And let&#8217;s face it, I also made a lot of mistakes here. However, it made me learn a lot and I must admit in retrospection that it was a very valuable lesson. <\/span><\/p>\n<p><span style=\"font-weight: 400;\">However, after a few years of being a project manager, I felt tired and a kind of burnout. Without going into details, it is quite a stressful job. It was caught in the middle (In Poland we say I was between the hammer and the anvil). On the one hand, the client, on the other, the team I managed, and somewhere along the way, the interest of the company in which I worked, and each of these parties had different goals and ideas on how to achieve them.<\/span><\/p>\n<p><span style=\"font-weight: 400;\">Luckily at that moment a vacancy appeared in the sales department and I received a proposal to take care of this part of running the business. I thought briefly enough and accepted it with pleasure. Being a PM, I always thought the sales people were actually doing nothing. Sometimes they find a project that they bring to the company too hastily and then we in the production department have to deal with it and, killing ourselves, tighten the budget and close it in order to meet the deadline by doing overtime.<\/span><\/p>\n<p><span style=\"font-weight: 400;\">I really liked working in the sales department. Of course, it was naive to think that nothing was being done there. There was a lot of work, but it suited me. The results of the actions were visible quite quickly. And if something failed and a lead was lost, a new one quickly appeared and I got another chance to &#8220;win&#8221; it.<\/span><\/p>\n<p><span style=\"font-weight: 400;\">In addition, the customers I spoke to rarely came across salespeople with the same technical knowledge and the ability to talk as I do. Often, at the meetings, I immediately carried out an initial requirements analysis and was able to estimate quickly the workload and the cost of implementation. It was easy to make a good impression and it paid off.<\/span><\/p>\n<p><span style=\"font-weight: 400;\">After the next few years of work, I had skills from a very wide range of activities. I was able to find a client and manage a team implementing the project, and if necessary, I would also code a few lines of the source code. For some time now, the thought of starting my own company was sprouting in my head.<\/span><\/p>\n<h2>Evertop<\/h2>\n<p><span style=\"font-weight: 400;\">And finally in 2014, together with two partners &#8211; \u0141ukasz Przepi\u00f3ra and Micha\u0142 Siudyka, we established the Evertop company. We had already done some projects together on a smaller or larger scale, but we officially started our activity in February 2014 by registering a limited liability company, of which I became the CEO.<\/span><\/p>\n<p><span style=\"font-weight: 400;\">At the beginning, the scale of our company&#8217;s operations was small. We only employed several people, and \u200b\u200bour office was limited to two rooms. From year to year, however, we grew both in terms of the number of the person on board and the amount of rented office space, and also we increased the revenue of our company.\u00a0<\/span><\/p>\n<p><span style=\"font-weight: 400;\">After seven years now, we employ over 50 people and occupy approximately 400 m2 in a modern office building in Chorz\u00f3w. Despite the pandemic and crisis, we managed to end 2020 with a record income of around PLN 6 million. So there are reasons to be pleased.\u00a0<\/span><\/p>\n<p><img loading=\"lazy\" class=\"alignnone size-large wp-image-4503\" src=\"https:\/\/www.evertop.pl\/wp-content\/uploads\/2021\/05\/sciezka-rozwoju-w-it-40-1-1024x657.jpg\" alt=\"\" width=\"640\" height=\"411\" srcset=\"https:\/\/www.evertop.pl\/wp-content\/uploads\/2021\/05\/sciezka-rozwoju-w-it-40-1-1024x657.jpg 1024w, https:\/\/www.evertop.pl\/wp-content\/uploads\/2021\/05\/sciezka-rozwoju-w-it-40-1-300x193.jpg 300w, https:\/\/www.evertop.pl\/wp-content\/uploads\/2021\/05\/sciezka-rozwoju-w-it-40-1-768x493.jpg 768w, https:\/\/www.evertop.pl\/wp-content\/uploads\/2021\/05\/sciezka-rozwoju-w-it-40-1.jpg 1281w\" sizes=\"(max-width: 640px) 100vw, 640px\" \/><\/p>\n<p><span style=\"font-weight: 400;\">Being an owner and managing a company, however, is a completely different matter than working for someone else. Responsibility and motivation are much greater. It is certainly<\/span><\/p>\n<p><span style=\"font-weight: 400;\">valuable that you do what you like. You are your own boss and you don&#8217;t have to explain yourself if you come to work half an hour later.<\/span><\/p>\n<p><span style=\"font-weight: 400;\">Another thing is that I often worked in the evenings and during the weekends. I even write this article when the clock comes almost to midnight.\u00a0<\/span><\/p>\n<h2>Conclusions and summary<\/h2>\n<p><span style=\"font-weight: 400;\">Since it got so late, it is probably time for a few conclusions that come to my mind now based on my experiences and observations.<\/span><\/p>\n<ol>\n<li style=\"font-weight: 400;\" aria-level=\"1\"><span style=\"font-weight: 400;\">If you want to be successful and move forward, you cannot be afraid of challenges, you just have to accept and face them.\u00a0<\/span><\/li>\n<li style=\"font-weight: 400;\" aria-level=\"1\"><span style=\"font-weight: 400;\">Learn to delegate tasks and trust employees. You can&#8217;t do everything yourself, even if you are the best in it. Done is better than perfect.<\/span><\/li>\n<li style=\"font-weight: 400;\" aria-level=\"1\"><span style=\"font-weight: 400;\">You should take care of your employees. Especially in a company like ours, people are the most valuable resource. Without them, we would not be able to implement a single project, and thus, earn any money.\u00a0<\/span><\/li>\n<li style=\"font-weight: 400;\" aria-level=\"1\"><span style=\"font-weight: 400;\">It is worth surrounding yourself by people smarter than you and listening to what they have to say. Thanks to this, you do not have to know everything.<\/span><\/li>\n<\/ol>\n<p>&nbsp;<\/p>\n<p><span style=\"font-weight: 400;\">And with this optimistic accent I&#8217;m going to the end of the article. Thank you for reading to this place. If you have your thoughts or want to ask about something, let me know, I will be happy to discuss it. <\/span><\/p>\n","protected":false},"excerpt":{"rendered":"<p>The following article is unique to me because I need to describe my own experiences and conclusions drawn from them. By reviewing my professional life, I also make a summary of what has happened in it so far. This is even more interesting and difficult too because I recently turned 40 and I realize more [&hellip;]<\/p>\n","protected":false},"author":5,"featured_media":4524,"comment_status":"closed","ping_status":"closed","sticky":false,"template":"","format":"standard","meta":[],"categories":[13],"tags":[37,29,21],"yoast_head":"<!-- This site is optimized with the Yoast SEO plugin v16.8 - https:\/\/yoast.com\/wordpress\/plugins\/seo\/ -->\n<title>The Path Of Career Development In The IT Industry - From The Programmer To The CEO - Evertop<\/title>\n<meta name=\"robots\" content=\"index, follow, max-snippet:-1, max-image-preview:large, max-video-preview:-1\" \/>\n<link rel=\"canonical\" href=\"https:\/\/www.evertop.pl\/en\/the-path-of-career-development-in-the-it-industry-from-the-programmer-to-the-ceo\/\" \/>\n<meta property=\"og:locale\" content=\"en_US\" \/>\n<meta property=\"og:type\" content=\"article\" \/>\n<meta property=\"og:title\" content=\"The Path Of Career Development In The IT Industry - From The Programmer To The CEO - Evertop\" \/>\n<meta property=\"og:description\" content=\"The following article is unique to me because I need to describe my own experiences and conclusions drawn from them. By reviewing my professional life, I also make a summary of what has happened in it so far. This is even more interesting and difficult too because I recently turned 40 and I realize more [&hellip;]\" \/>\n<meta property=\"og:url\" content=\"https:\/\/www.evertop.pl\/en\/the-path-of-career-development-in-the-it-industry-from-the-programmer-to-the-ceo\/\" \/>\n<meta property=\"og:site_name\" content=\"Evertop\" \/>\n<meta property=\"article:publisher\" content=\"https:\/\/www.facebook.com\/EvertopPoland\/\" \/>\n<meta property=\"article:published_time\" content=\"2021-05-05T11:48:28+00:00\" \/>\n<meta property=\"article:modified_time\" content=\"2021-07-02T11:54:01+00:00\" \/>\n<meta property=\"og:image\" content=\"https:\/\/www.evertop.pl\/wp-content\/uploads\/2021\/05\/sciezka-rozwoju-w-it_en.jpg\" \/>\n\t<meta property=\"og:image:width\" content=\"1281\" \/>\n\t<meta property=\"og:image:height\" content=\"663\" \/>\n<meta name=\"twitter:card\" content=\"summary_large_image\" \/>\n<meta name=\"twitter:label1\" content=\"Written by\" \/>\n\t<meta name=\"twitter:data1\" content=\"Maciej Kotok\" \/>\n\t<meta name=\"twitter:label2\" content=\"Est. reading time\" \/>\n\t<meta name=\"twitter:data2\" content=\"7 minutes\" \/>\n<script type=\"application\/ld+json\" class=\"yoast-schema-graph\">{\"@context\":\"https:\/\/schema.org\",\"@graph\":[{\"@type\":\"Organization\",\"@id\":\"https:\/\/www.evertop.pl\/#organization\",\"name\":\"Evertop\",\"url\":\"https:\/\/www.evertop.pl\/\",\"sameAs\":[\"https:\/\/www.facebook.com\/EvertopPoland\/\",\"https:\/\/www.linkedin.com\/company\/evertop-software-development\/\"],\"logo\":{\"@type\":\"ImageObject\",\"@id\":\"https:\/\/www.evertop.pl\/#logo\",\"inLanguage\":\"en-US\",\"url\":\"https:\/\/www.evertop.pl\/wp-content\/uploads\/2021\/04\/logo_new.png\",\"contentUrl\":\"https:\/\/www.evertop.pl\/wp-content\/uploads\/2021\/04\/logo_new.png\",\"width\":582,\"height\":114,\"caption\":\"Evertop\"},\"image\":{\"@id\":\"https:\/\/www.evertop.pl\/#logo\"}},{\"@type\":\"WebSite\",\"@id\":\"https:\/\/www.evertop.pl\/#website\",\"url\":\"https:\/\/www.evertop.pl\/\",\"name\":\"Evertop\",\"description\":\"we code the future\",\"publisher\":{\"@id\":\"https:\/\/www.evertop.pl\/#organization\"},\"potentialAction\":[{\"@type\":\"SearchAction\",\"target\":{\"@type\":\"EntryPoint\",\"urlTemplate\":\"https:\/\/www.evertop.pl\/?s={search_term_string}\"},\"query-input\":\"required name=search_term_string\"}],\"inLanguage\":\"en-US\"},{\"@type\":\"ImageObject\",\"@id\":\"https:\/\/www.evertop.pl\/en\/the-path-of-career-development-in-the-it-industry-from-the-programmer-to-the-ceo\/#primaryimage\",\"inLanguage\":\"en-US\",\"url\":\"https:\/\/www.evertop.pl\/wp-content\/uploads\/2021\/05\/sciezka-rozwoju-w-it_en.jpg\",\"contentUrl\":\"https:\/\/www.evertop.pl\/wp-content\/uploads\/2021\/05\/sciezka-rozwoju-w-it_en.jpg\",\"width\":1281,\"height\":663},{\"@type\":\"WebPage\",\"@id\":\"https:\/\/www.evertop.pl\/en\/the-path-of-career-development-in-the-it-industry-from-the-programmer-to-the-ceo\/#webpage\",\"url\":\"https:\/\/www.evertop.pl\/en\/the-path-of-career-development-in-the-it-industry-from-the-programmer-to-the-ceo\/\",\"name\":\"The Path Of Career Development In The IT Industry - From The Programmer To The CEO - Evertop\",\"isPartOf\":{\"@id\":\"https:\/\/www.evertop.pl\/#website\"},\"primaryImageOfPage\":{\"@id\":\"https:\/\/www.evertop.pl\/en\/the-path-of-career-development-in-the-it-industry-from-the-programmer-to-the-ceo\/#primaryimage\"},\"datePublished\":\"2021-05-05T11:48:28+00:00\",\"dateModified\":\"2021-07-02T11:54:01+00:00\",\"breadcrumb\":{\"@id\":\"https:\/\/www.evertop.pl\/en\/the-path-of-career-development-in-the-it-industry-from-the-programmer-to-the-ceo\/#breadcrumb\"},\"inLanguage\":\"en-US\",\"potentialAction\":[{\"@type\":\"ReadAction\",\"target\":[\"https:\/\/www.evertop.pl\/en\/the-path-of-career-development-in-the-it-industry-from-the-programmer-to-the-ceo\/\"]}]},{\"@type\":\"BreadcrumbList\",\"@id\":\"https:\/\/www.evertop.pl\/en\/the-path-of-career-development-in-the-it-industry-from-the-programmer-to-the-ceo\/#breadcrumb\",\"itemListElement\":[{\"@type\":\"ListItem\",\"position\":1,\"name\":\"Strona g\\u0142\\u00f3wna\",\"item\":\"https:\/\/www.evertop.pl\/en\/\"},{\"@type\":\"ListItem\",\"position\":2,\"name\":\"The Path Of Career Development In The IT Industry &#8211; From The Programmer To The CEO\"}]},{\"@type\":\"Article\",\"@id\":\"https:\/\/www.evertop.pl\/en\/the-path-of-career-development-in-the-it-industry-from-the-programmer-to-the-ceo\/#article\",\"isPartOf\":{\"@id\":\"https:\/\/www.evertop.pl\/en\/the-path-of-career-development-in-the-it-industry-from-the-programmer-to-the-ceo\/#webpage\"},\"author\":{\"@id\":\"https:\/\/www.evertop.pl\/#\/schema\/person\/236c5d396b25e1d18df97dde844091f0\"},\"headline\":\"The Path Of Career Development In The IT Industry &#8211; From The Programmer To The CEO\",\"datePublished\":\"2021-05-05T11:48:28+00:00\",\"dateModified\":\"2021-07-02T11:54:01+00:00\",\"mainEntityOfPage\":{\"@id\":\"https:\/\/www.evertop.pl\/en\/the-path-of-career-development-in-the-it-industry-from-the-programmer-to-the-ceo\/#webpage\"},\"wordCount\":1306,\"publisher\":{\"@id\":\"https:\/\/www.evertop.pl\/#organization\"},\"image\":{\"@id\":\"https:\/\/www.evertop.pl\/en\/the-path-of-career-development-in-the-it-industry-from-the-programmer-to-the-ceo\/#primaryimage\"},\"thumbnailUrl\":\"https:\/\/www.evertop.pl\/wp-content\/uploads\/2021\/05\/sciezka-rozwoju-w-it_en.jpg\",\"keywords\":[\"business development\",\"growth\",\"self development\"],\"articleSection\":[\"Blog\"],\"inLanguage\":\"en-US\"},{\"@type\":\"Person\",\"@id\":\"https:\/\/www.evertop.pl\/#\/schema\/person\/236c5d396b25e1d18df97dde844091f0\",\"name\":\"Maciej Kotok\",\"image\":{\"@type\":\"ImageObject\",\"@id\":\"https:\/\/www.evertop.pl\/#personlogo\",\"inLanguage\":\"en-US\",\"url\":\"https:\/\/secure.gravatar.com\/avatar\/dc665d95d8ddcf43b30d8b48667338bc?s=96&d=mm&r=g\",\"contentUrl\":\"https:\/\/secure.gravatar.com\/avatar\/dc665d95d8ddcf43b30d8b48667338bc?s=96&d=mm&r=g\",\"caption\":\"Maciej Kotok\"},\"url\":\"https:\/\/www.evertop.pl\/en\/author\/mkotok\/\"}]}<\/script>\n<!-- \/ Yoast SEO plugin. -->","yoast_head_json":{"title":"The Path Of Career Development In The IT Industry - From The Programmer To The CEO - Evertop","robots":{"index":"index","follow":"follow","max-snippet":"max-snippet:-1","max-image-preview":"max-image-preview:large","max-video-preview":"max-video-preview:-1"},"canonical":"https:\/\/www.evertop.pl\/en\/the-path-of-career-development-in-the-it-industry-from-the-programmer-to-the-ceo\/","og_locale":"en_US","og_type":"article","og_title":"The Path Of Career Development In The IT Industry - From The Programmer To The CEO - Evertop","og_description":"The following article is unique to me because I need to describe my own experiences and conclusions drawn from them. By reviewing my professional life, I also make a summary of what has happened in it so far. This is even more interesting and difficult too because I recently turned 40 and I realize more [&hellip;]","og_url":"https:\/\/www.evertop.pl\/en\/the-path-of-career-development-in-the-it-industry-from-the-programmer-to-the-ceo\/","og_site_name":"Evertop","article_publisher":"https:\/\/www.facebook.com\/EvertopPoland\/","article_published_time":"2021-05-05T11:48:28+00:00","article_modified_time":"2021-07-02T11:54:01+00:00","og_image":[{"width":1281,"height":663,"url":"https:\/\/www.evertop.pl\/wp-content\/uploads\/2021\/05\/sciezka-rozwoju-w-it_en.jpg","path":"\/home\/evertop\/web-evertop\/wp-content\/uploads\/2021\/05\/sciezka-rozwoju-w-it_en.jpg","size":"full","id":4524,"alt":"","pixels":849303,"type":"image\/jpeg"}],"twitter_card":"summary_large_image","twitter_misc":{"Written by":"Maciej Kotok","Est. reading time":"7 minutes"},"schema":{"@context":"https:\/\/schema.org","@graph":[{"@type":"Organization","@id":"https:\/\/www.evertop.pl\/#organization","name":"Evertop","url":"https:\/\/www.evertop.pl\/","sameAs":["https:\/\/www.facebook.com\/EvertopPoland\/","https:\/\/www.linkedin.com\/company\/evertop-software-development\/"],"logo":{"@type":"ImageObject","@id":"https:\/\/www.evertop.pl\/#logo","inLanguage":"en-US","url":"https:\/\/www.evertop.pl\/wp-content\/uploads\/2021\/04\/logo_new.png","contentUrl":"https:\/\/www.evertop.pl\/wp-content\/uploads\/2021\/04\/logo_new.png","width":582,"height":114,"caption":"Evertop"},"image":{"@id":"https:\/\/www.evertop.pl\/#logo"}},{"@type":"WebSite","@id":"https:\/\/www.evertop.pl\/#website","url":"https:\/\/www.evertop.pl\/","name":"Evertop","description":"we code the future","publisher":{"@id":"https:\/\/www.evertop.pl\/#organization"},"potentialAction":[{"@type":"SearchAction","target":{"@type":"EntryPoint","urlTemplate":"https:\/\/www.evertop.pl\/?s={search_term_string}"},"query-input":"required name=search_term_string"}],"inLanguage":"en-US"},{"@type":"ImageObject","@id":"https:\/\/www.evertop.pl\/en\/the-path-of-career-development-in-the-it-industry-from-the-programmer-to-the-ceo\/#primaryimage","inLanguage":"en-US","url":"https:\/\/www.evertop.pl\/wp-content\/uploads\/2021\/05\/sciezka-rozwoju-w-it_en.jpg","contentUrl":"https:\/\/www.evertop.pl\/wp-content\/uploads\/2021\/05\/sciezka-rozwoju-w-it_en.jpg","width":1281,"height":663},{"@type":"WebPage","@id":"https:\/\/www.evertop.pl\/en\/the-path-of-career-development-in-the-it-industry-from-the-programmer-to-the-ceo\/#webpage","url":"https:\/\/www.evertop.pl\/en\/the-path-of-career-development-in-the-it-industry-from-the-programmer-to-the-ceo\/","name":"The Path Of Career Development In The IT Industry - From The Programmer To The CEO - Evertop","isPartOf":{"@id":"https:\/\/www.evertop.pl\/#website"},"primaryImageOfPage":{"@id":"https:\/\/www.evertop.pl\/en\/the-path-of-career-development-in-the-it-industry-from-the-programmer-to-the-ceo\/#primaryimage"},"datePublished":"2021-05-05T11:48:28+00:00","dateModified":"2021-07-02T11:54:01+00:00","breadcrumb":{"@id":"https:\/\/www.evertop.pl\/en\/the-path-of-career-development-in-the-it-industry-from-the-programmer-to-the-ceo\/#breadcrumb"},"inLanguage":"en-US","potentialAction":[{"@type":"ReadAction","target":["https:\/\/www.evertop.pl\/en\/the-path-of-career-development-in-the-it-industry-from-the-programmer-to-the-ceo\/"]}]},{"@type":"BreadcrumbList","@id":"https:\/\/www.evertop.pl\/en\/the-path-of-career-development-in-the-it-industry-from-the-programmer-to-the-ceo\/#breadcrumb","itemListElement":[{"@type":"ListItem","position":1,"name":"Strona g\u0142\u00f3wna","item":"https:\/\/www.evertop.pl\/en\/"},{"@type":"ListItem","position":2,"name":"The Path Of Career Development In The IT Industry &#8211; From The Programmer To The CEO"}]},{"@type":"Article","@id":"https:\/\/www.evertop.pl\/en\/the-path-of-career-development-in-the-it-industry-from-the-programmer-to-the-ceo\/#article","isPartOf":{"@id":"https:\/\/www.evertop.pl\/en\/the-path-of-career-development-in-the-it-industry-from-the-programmer-to-the-ceo\/#webpage"},"author":{"@id":"https:\/\/www.evertop.pl\/#\/schema\/person\/236c5d396b25e1d18df97dde844091f0"},"headline":"The Path Of Career Development In The IT Industry &#8211; From The Programmer To The CEO","datePublished":"2021-05-05T11:48:28+00:00","dateModified":"2021-07-02T11:54:01+00:00","mainEntityOfPage":{"@id":"https:\/\/www.evertop.pl\/en\/the-path-of-career-development-in-the-it-industry-from-the-programmer-to-the-ceo\/#webpage"},"wordCount":1306,"publisher":{"@id":"https:\/\/www.evertop.pl\/#organization"},"image":{"@id":"https:\/\/www.evertop.pl\/en\/the-path-of-career-development-in-the-it-industry-from-the-programmer-to-the-ceo\/#primaryimage"},"thumbnailUrl":"https:\/\/www.evertop.pl\/wp-content\/uploads\/2021\/05\/sciezka-rozwoju-w-it_en.jpg","keywords":["business development","growth","self development"],"articleSection":["Blog"],"inLanguage":"en-US"},{"@type":"Person","@id":"https:\/\/www.evertop.pl\/#\/schema\/person\/236c5d396b25e1d18df97dde844091f0","name":"Maciej Kotok","image":{"@type":"ImageObject","@id":"https:\/\/www.evertop.pl\/#personlogo","inLanguage":"en-US","url":"https:\/\/secure.gravatar.com\/avatar\/dc665d95d8ddcf43b30d8b48667338bc?s=96&d=mm&r=g","contentUrl":"https:\/\/secure.gravatar.com\/avatar\/dc665d95d8ddcf43b30d8b48667338bc?s=96&d=mm&r=g","caption":"Maciej Kotok"},"url":"https:\/\/www.evertop.pl\/en\/author\/mkotok\/"}]}},"_links":{"self":[{"href":"https:\/\/www.evertop.pl\/en\/wp-json\/wp\/v2\/posts\/4511"}],"collection":[{"href":"https:\/\/www.evertop.pl\/en\/wp-json\/wp\/v2\/posts"}],"about":[{"href":"https:\/\/www.evertop.pl\/en\/wp-json\/wp\/v2\/types\/post"}],"author":[{"embeddable":true,"href":"https:\/\/www.evertop.pl\/en\/wp-json\/wp\/v2\/users\/5"}],"replies":[{"embeddable":true,"href":"https:\/\/www.evertop.pl\/en\/wp-json\/wp\/v2\/comments?post=4511"}],"version-history":[{"count":12,"href":"https:\/\/www.evertop.pl\/en\/wp-json\/wp\/v2\/posts\/4511\/revisions"}],"predecessor-version":[{"id":4894,"href":"https:\/\/www.evertop.pl\/en\/wp-json\/wp\/v2\/posts\/4511\/revisions\/4894"}],"wp:featuredmedia":[{"embeddable":true,"href":"https:\/\/www.evertop.pl\/en\/wp-json\/wp\/v2\/media\/4524"}],"wp:attachment":[{"href":"https:\/\/www.evertop.pl\/en\/wp-json\/wp\/v2\/media?parent=4511"}],"wp:term":[{"taxonomy":"category","embeddable":true,"href":"https:\/\/www.evertop.pl\/en\/wp-json\/wp\/v2\/categories?post=4511"},{"taxonomy":"post_tag","embeddable":true,"href":"https:\/\/www.evertop.pl\/en\/wp-json\/wp\/v2\/tags?post=4511"}],"curies":[{"name":"wp","href":"https:\/\/api.w.org\/{rel}","templated":true}]}}